{"id":1015,"date":"2009-12-18T07:31:37","date_gmt":"2009-12-18T05:31:37","guid":{"rendered":"http:\/\/vapaa-ajattelijat.fi\/helsinkiuusi\/2009\/12\/18\/uusi-hallitus-2010\/"},"modified":"2009-12-18T07:31:37","modified_gmt":"2009-12-18T05:31:37","slug":"uusi-hallitus-2010","status":"publish","type":"post","link":"https:\/\/vapaa-ajattelijat.fi\/helsinki\/uusi-hallitus-2010\/","title":{"rendered":"Uusi hallitus 2010"},"content":{"rendered":"<p><strong>Kiitokset kaikille j\u00e4senillemme kannatuksesta vuonna 2009!<\/strong><\/p>\n<p>Toivottavasti jaat kokemukseni, ett\u00e4 pyrkimyksemme sekulaarimpaan Suomeen on ottanut j\u00e4lleen muutaman askelen eteenp\u00e4in. HVA on puheenjohtajansa ja muiden aktiivij\u00e4sentens\u00e4 v\u00e4lityksell\u00e4 ollut monessa keskustelussa mukana ja tuonut ansiokkaasti sanomaamme esille. T\u00e4ll\u00e4 tiell\u00e4 jatketaan ensi vuonna.<\/p>\n<p>  <!--more-->  <\/p>\n<p><strong>Syyskokous <\/strong><\/p>\n<p>Yhdistyksen syyskokous pidettiin lauantaina 12.12. ja kokouksen osanottajat valitsivat uuden hallituksen vuodelle 2010:<\/p>\n<p>Jussi K Niemel\u00e4 jatkaa puheenjohtajana \u2013 kiitokset Jussille menneest\u00e4 ja tulevasta! <br \/>Robert Brotherus <br \/>Tarja Koivum\u00e4ki <br \/>Kari Kotila <br \/>Juha Kukkonen <br \/>Ari K\u00e4h\u00e4r\u00e4 <br \/>Jarmo Niinim\u00e4ki <br \/>Susanna Niinim\u00e4ki <br \/>Henric Sawela <br \/>Esa Ylikoski<\/p>\n<p>Varaj\u00e4seniksi valittiin: <br \/>Jaakko Moisio <br \/>Kaisa Niittynen <br \/>Markku P\u00e4\u00e4kk\u00f6nen <br \/>Ilkka Vuorikuru<\/p>\n<p>Syyskokous hyv\u00e4ksyi toimintasuunnitelman ja talousarvion vuodelle 2010 ja perusti Hautasmaatoimikunnan, jonka puheenjohtajaksi valittiin yksimielisesti Juha Kukkonen.<\/p>\n<p>Muista kokouksen asioista mainittakoon j\u00e4senmaksut, jotka p\u00e4\u00e4tettiin pit\u00e4\u00e4 ennallaan: 20 euroa\/j\u00e4sen. Ensi vuonna on tarkoitus panostaa my\u00f6s j\u00e4senhankintaan. Varmistathan ett\u00e4 kaikki tuttusi ovat tietoisia yhdistyksest\u00e4mme ja sen jaloista tavoitteista! HVA:lla on t\u00e4ll\u00e4 hetkell\u00e4 noin viisisataa j\u00e4sent\u00e4 \u2013 mielenkiintoista seurata mik\u00e4 on lukema ensi vuoden vaihteessa. (BTW: HVA tiedottaa\u00a0 -s\u00e4hk\u00f6postilista ylitti 300 j\u00e4senen rajan noin viikko sitten; kolmassadas listalainen on Jontte \u2013 onneksi olkoon!)<\/p>\n<p>Kokouksessa oli l\u00e4sn\u00e4 nelisenkymment\u00e4 j\u00e4sent\u00e4. Virallisen osuuden j\u00e4lkeen nautittiin Pullmanin kasvisosekeittoa sek\u00e4 kalasoppaa ja lopuksi juotiin kakkukahvit. Keskustelu k\u00e4vi vilkkaana ja hyvi\u00e4 ideoita ensi vuodelle kehiteltiin..\u00a0 <br \/>&#8211; Kiitokset kaikille paikalle saapuneille <img decoding=\"async\" title=\"Hymy\" src=\"plugins\/editors\/jce\/tiny_mce\/plugins\/emotions\/img\/smiley-smile.gif\" border=\"0\" alt=\"Hymy\" \/><\/p>\n<p><strong>Kev\u00e4\u00e4n tapaamiset<\/strong><\/p>\n<p>Viime tiedotteen kysymykseen kev\u00e4\u00e4n tapaamisp\u00e4iv\u00e4st\u00e4 sain jonkun verran vastauksia. Tapaamiset ajoitetaan ensi kev\u00e4\u00e4n\u00e4 tiistai-illoiksi; 12.1, 26.1, 9.2, 23.2, 9.3, 23.3, 6.4, 20.4. ja 4.5. Poikkeuksista l\u00e4het\u00e4mme viesti\u00e4 erikseen. Toivottavasti saat tapaamiset ujutettua kalenteriisi!<\/p>\n<p><strong>Hyv\u00e4\u00e4 joulunaikaa kaikille ja eritt\u00e4in onnellista tulevaa vuotta 2010!<\/strong><\/p>\n","protected":false},"excerpt":{"rendered":"<p>Kiitokset kaikille j\u00e4senillemme kannatuksesta vuonna 2009! Toivottavasti jaat kokemukseni, ett\u00e4 pyrkimyksemme sekulaarimpaan Suomeen on ottanut j\u00e4lleen muutaman askelen eteenp\u00e4in. HVA on puheenjohtajansa ja muiden aktiivij\u00e4sentens\u00e4 v\u00e4lityksell\u00e4 ollut monessa keskustelussa mukana [&hellip;]<\/p>\n","protected":false},"author":19,"featured_media":0,"comment_status":"open","ping_status":"open","sticky":false,"template":"","format":"standard","meta":{"_eb_attr":"","_jetpack_memberships_contains_paid_content":false,"footnotes":"","jetpack_publicize_message":"","jetpack_publicize_feature_enabled":true,"jetpack_social_post_already_shared":false,"jetpack_social_options":{"image_generator_settings":{"template":"highway","default_image_id":0,"font":"","enabled":false},"version":2},"_links_to":"","_links_to_target":""},"categories":[10],"tags":[],"class_list":["post-1015","post","type-post","status-publish","format-standard","hentry","category-c43-tiedotteita"],"jetpack_publicize_connections":[],"jetpack_featured_media_url":"","jetpack_sharing_enabled":true,"jetpack_shortlink":"https:\/\/wp.me\/paH06I-gn","_links":{"self":[{"href":"https:\/\/vapaa-ajattelijat.fi\/helsinki\/wp-json\/wp\/v2\/posts\/1015","targetHints":{"allow":["GET"]}}],"collection":[{"href":"https:\/\/vapaa-ajattelijat.fi\/helsinki\/wp-json\/wp\/v2\/posts"}],"about":[{"href":"https:\/\/vapaa-ajattelijat.fi\/helsinki\/wp-json\/wp\/v2\/types\/post"}],"author":[{"embeddable":true,"href":"https:\/\/vapaa-ajattelijat.fi\/helsinki\/wp-json\/wp\/v2\/users\/19"}],"replies":[{"embeddable":true,"href":"https:\/\/vapaa-ajattelijat.fi\/helsinki\/wp-json\/wp\/v2\/comments?post=1015"}],"version-history":[{"count":0,"href":"https:\/\/vapaa-ajattelijat.fi\/helsinki\/wp-json\/wp\/v2\/posts\/1015\/revisions"}],"wp:attachment":[{"href":"https:\/\/vapaa-ajattelijat.fi\/helsinki\/wp-json\/wp\/v2\/media?parent=1015"}],"wp:term":[{"taxonomy":"category","embeddable":true,"href":"https:\/\/vapaa-ajattelijat.fi\/helsinki\/wp-json\/wp\/v2\/categories?post=1015"},{"taxonomy":"post_tag","embeddable":true,"href":"https:\/\/vapaa-ajattelijat.fi\/helsinki\/wp-json\/wp\/v2\/tags?post=1015"}],"curies":[{"name":"wp","href":"https:\/\/api.w.org\/{rel}","templated":true}]}}